{"id":3651,"date":"2026-04-30T22:27:36","date_gmt":"2026-05-01T01:27:36","guid":{"rendered":"https:\/\/www.benhame.adv.br\/?p=3651"},"modified":"2026-04-30T22:27:36","modified_gmt":"2026-05-01T01:27:36","slug":"desemprego-sobe-a-61-no-trimestre-ate-marco-mas-mantem-minima-historica-para-o-periodo","status":"publish","type":"post","link":"https:\/\/www.benhame.adv.br\/?p=3651","title":{"rendered":"Desemprego sobe a 6,1% no trimestre at\u00e9 mar\u00e7o, mas mant\u00e9m m\u00ednima hist\u00f3rica para o per\u00edodo"},"content":{"rendered":"\n<div id=\"section-g-f9fsaf7\" class=\"wp-block-gutentor-e1 section-g-f9fsaf7 gutentor-element gutentor-element-advanced-text text-align-left-desktop\"><div class=\"gutentor-text-wrap\"><p class=\"gutentor-text\">A taxa de desocupa\u00e7\u00e3o ficou em<strong>\u00a06,1%<\/strong>\u00a0no trimestre encerrado em mar\u00e7o de 2026, segundo a PNAD Cont\u00ednua divulgada nesta quinta-feira (30) pelo\u00a0<a href=\"https:\/\/g1.globo.com\/tudo-sobre\/ibge\/\" class=\"\">IBGE<\/a>. O resultado veio em linha com as expectativas do mercado e \u00e9 o menor n\u00edvel j\u00e1 registrado para esse per\u00edodo do ano desde o in\u00edcio da s\u00e9rie, em 2012.<br><br>Apesar disso, o n\u00famero de pessoas sem trabalho aumentou no curto prazo. Ao todo,<strong>\u00a06,6 milh\u00f5es\u00a0<\/strong>estavam desocupadas,\u00a0<a href=\"https:\/\/g1.globo.com\/economia\/noticia\/2026\/01\/30\/desemprego-fica-em-51percent-no-trimestre-terminado-em-dezembro-diz-ibge.ghtml\" class=\"\">alta de 19,6% em rela\u00e7\u00e3o ao trimestre anterior<\/a>, o equivalente a mais 1,1 milh\u00e3o de pessoas.<br><br>Na compara\u00e7\u00e3o com o mesmo per\u00edodo do ano passado, por\u00e9m,<a href=\"https:\/\/g1.globo.com\/economia\/noticia\/2025\/04\/30\/desemprego-vai-a-7percent-no-trimestre-terminado-em-marco-diz-ibge.ghtml\" class=\"\">\u00a0houve queda de 13%<\/a>, com<strong>\u00a0987 mil pessoas a menos<\/strong>\u00a0nessa condi\u00e7\u00e3o.<br><br>J\u00e1 o\u00a0<strong>total de ocupados somou 102 milh\u00f5es<\/strong>. Esse contingente recuou 1,0% no trimestre, mas avan\u00e7ou 1,5% em rela\u00e7\u00e3o ao ano anterior, indicando uma recupera\u00e7\u00e3o ao longo de per\u00edodos mais longos.<br><br>Esse movimento tamb\u00e9m aparece no\u00a0<strong>n\u00edvel de ocupa\u00e7\u00e3o<\/strong>, que mede a parcela da popula\u00e7\u00e3o em idade de trabalhar que est\u00e1 empregada. O indicador ficou em 58,2%, com queda de 0,7 ponto percentual frente ao trimestre anterior e alta de 0,4 ponto na compara\u00e7\u00e3o anual.<br><br>Segundo Adriana Beringuy, coordenadora de pesquisas domiciliares do IBGE, a varia\u00e7\u00e3o est\u00e1 associada a fatores t\u00edpicos do in\u00edcio do ano, quando alguns setores passam por ajustes no n\u00famero de trabalhadores.<br><br>\u201cNo com\u00e9rcio, por exemplo, a perda de pessoal se concentrou principalmente em ocupa\u00e7\u00f5es como vendedores, balconistas e atendentes. Houve tamb\u00e9m um movimento na educa\u00e7\u00e3o fundamental, especialmente na rede p\u00fablica municipal, ligado ao ciclo de contratos tempor\u00e1rios\u201d, explicou.<br><br>Para a pesquisadora, esse padr\u00e3o costuma se repetir nesse per\u00edodo e ajuda a entender os resultados. \u201cEsse \u00e9 um comportamento que, de modo geral, ocorre nos primeiros trimestres de cada ano, e este n\u00e3o foi diferente.\u201d<br><br>J\u00e1 a\u00a0<strong>taxa composta de subutiliza\u00e7\u00e3o<\/strong>\u00a0ficou em 14,3% no trimestre encerrado em mar\u00e7o. O indicador subiu 0,9 ponto percentual em rela\u00e7\u00e3o ao per\u00edodo anterior, mas recuou 1,6 ponto na compara\u00e7\u00e3o com o mesmo trimestre do ano passado.<br><br>Ao todo,<strong>\u00a016,3 milh\u00f5es de pessoas<\/strong>\u00a0estavam nessa condi\u00e7\u00e3o. Esse contingente aumentou 6,6% no trimestre, com mais 1 milh\u00e3o de pessoas, mas caiu 10,1% em um ano, o equivalente a 1,8 milh\u00e3o a menos.<br><br><strong>Veja os destaques da pesquisa<\/strong><br><br>\u2022 <strong>Taxa de desocupa\u00e7\u00e3o:\u00a0<\/strong>6,1%<br><strong>\u2022 Popula\u00e7\u00e3o desocupada:\u00a0<\/strong>6,6 milh\u00f5es de pessoas<br><strong>\u2022 Popula\u00e7\u00e3o ocupada:\u00a0<\/strong>102 milh\u00f5es<br><strong>\u2022 Popula\u00e7\u00e3o fora da for\u00e7a de trabalho:\u00a0<\/strong>66,5 milh\u00f5es<br><strong>\u2022 Popula\u00e7\u00e3o desalentada:<\/strong>\u00a02,7 milh\u00f5es<br><strong>\u2022 Empregados com carteira assinada:<\/strong>\u00a039,2 milh\u00f5es<br><strong>\u2022 Empregados sem carteira assinada:\u00a0<\/strong>13,3 milh\u00f5es<br><strong>\u2022 Trabalhadores por conta pr\u00f3pria:\u00a0<\/strong>26 milh\u00f5es<br><strong>\u2022 Trabalhadores informais:\u00a0<\/strong>38,1 milh\u00f5es<br>\u2022 <strong>Taxa de informalidade:\u00a0<\/strong>37,3%<br><br>Entre os grupos que comp\u00f5em esse indicador,\u00a0<strong>o n\u00famero de pessoas que trabalham menos horas do que gostariam<\/strong>\u00a0ficou em 4,4 milh\u00f5es, sem varia\u00e7\u00f5es relevantes nas duas compara\u00e7\u00f5es.<br><br>J\u00e1 a\u00a0<strong>popula\u00e7\u00e3o fora da for\u00e7a de trabalho<\/strong>\u00a0somou 66,5 milh\u00f5es, est\u00e1vel no trimestre e com alta de 1,3% em um ano, o que representa mais 841 mil pessoas.<br><br>A\u00a0<strong>popula\u00e7\u00e3o desalentada<\/strong>, que re\u00fane aqueles que desistiram de procurar emprego, ficou em 2,7 milh\u00f5es. Esse grupo n\u00e3o apresentou mudan\u00e7a significativa no trimestre, mas recuou 15,9% na compara\u00e7\u00e3o anual, com 509 mil pessoas a menos.<br><br><em>\ud83d\udd0e<\/em><strong><em>\u00a0Os desalentados s\u00e3o pessoas que gostariam de trabalhar, mas desistiram de procurar emprego por acharem que n\u00e3o encontrariam<\/em><\/strong><em>, por falta de qualifica\u00e7\u00e3o ou de oportunidades na regi\u00e3o onde moram, por exemplo.<\/em><br><br><strong>V\u00ednculos, informalidade e renda<\/strong><br><br>O\u00a0<strong>n\u00famero de trabalhadores no setor privado\u00a0<\/strong>somou 52,4 milh\u00f5es no trimestre encerrado em mar\u00e7o. Esse total recuou 1,0% em rela\u00e7\u00e3o ao per\u00edodo anterior, com menos 527 mil pessoas, mas avan\u00e7ou 1,1% na compara\u00e7\u00e3o anual, o equivalente a 583 mil a mais.<br><br>Dentro desse grupo, o\u00a0<strong>emprego com carteira assinada\u00a0<\/strong>permaneceu est\u00e1vel no trimestre, em 39,2 milh\u00f5es, e cresceu 1,3% em um ano. J\u00e1 os\u00a0<strong>sem carteira<\/strong>, de 13,3 milh\u00f5es, caiu 2,1% no trimestre e n\u00e3o apresentou varia\u00e7\u00e3o relevante na compara\u00e7\u00e3o anual.<br><br>No setor p\u00fablico, o\u00a0<strong>n\u00famero de ocupados\u00a0<\/strong>ficou em 12,7 milh\u00f5es, com queda de 2,5% no trimestre e alta de 3,7% em um ano. Entre os\u00a0<strong>trabalhadores por conta pr\u00f3pria<\/strong>, o total chegou a 26,0 milh\u00f5es, est\u00e1vel no trimestre e com crescimento de 2,4% na compara\u00e7\u00e3o anual.<br><br>A<strong>\u00a0taxa de informalidade<\/strong>\u00a0ficou em 37,3% da popula\u00e7\u00e3o ocupada, o equivalente a 38,1 milh\u00f5es de trabalhadores. O \u00edndice recuou em rela\u00e7\u00e3o ao trimestre anterior e tamb\u00e9m na compara\u00e7\u00e3o com o mesmo per\u00edodo do ano passado.<br><br>Os\u00a0<strong>rendimentos<\/strong>\u00a0seguiram em alta. O ganho m\u00e9dio habitual chegou a\u00a0<strong>R$ 3.722<\/strong>, com avan\u00e7o de 1,6% no trimestre e de 5,5% em um ano, atingindo o maior valor da s\u00e9rie.<br><br>Esse movimento tamb\u00e9m se refletiu no total de rendimentos pagos \u00e0 popula\u00e7\u00e3o. A<strong>\u00a0massa de renda\u00a0<\/strong>somou\u00a0<strong>R$ 374,8 bilh\u00f5es<\/strong>, est\u00e1vel no trimestre e 7,1% maior na compara\u00e7\u00e3o anual, tamb\u00e9m no maior n\u00edvel j\u00e1 registrado.<br><br><strong>Renda avan\u00e7a em alguns setores<\/strong><br><br>O<strong>\u00a0rendimento m\u00e9dio mensal<\/strong>\u00a0apresentou aumento em poucos setores na compara\u00e7\u00e3o com o trimestre anterior. As altas ficaram concentradas em com\u00e9rcio e em atividades ligadas ao setor p\u00fablico, enquanto os demais segmentos n\u00e3o registraram mudan\u00e7as relevantes.<br><br>Entre os destaques do trimestre:<br><br>\u2022 \ud83d\uded2\u00a0<strong>Com\u00e9rcio e repara\u00e7\u00e3o de ve\u00edculos:\u00a0<\/strong>alta de 3,0% (mais R$ 86)<br>\u2022 \ud83c\udfdb\ufe0f\u00a0<strong>Administra\u00e7\u00e3o p\u00fablica, educa\u00e7\u00e3o e sa\u00fade:\u00a0<\/strong>alta de 2,5% (mais R$ 127)<br><br>Na compara\u00e7\u00e3o com o mesmo per\u00edodo do ano passado, o avan\u00e7o da renda foi mais disseminado e atingiu diferentes \u00e1reas da economia. Nesse caso, seis grupos apresentaram crescimento, enquanto os demais permaneceram sem varia\u00e7\u00e3o significativa.<br><br>Os principais aumentos foram registrados em:<br><br>\u2022 \ud83c\udfd7\ufe0f\u00a0<strong>Constru\u00e7\u00e3o:\u00a0<\/strong>alta de 4,5% (mais R$ 124)<br>\u2022 \ud83d\uded2\u00a0<strong>Com\u00e9rcio e repara\u00e7\u00e3o de ve\u00edculos:<\/strong>\u00a0alta de 3,9% (mais R$ 113)<br>\u2022 \ud83d\udcbb<strong>\u00a0Informa\u00e7\u00e3o, comunica\u00e7\u00e3o e atividades financeiras e profissionais:\u00a0<\/strong>alta de 5,9% (mais R$ 291)<br>\u2022 \ud83c\udfdb\ufe0f<strong>\u00a0Administra\u00e7\u00e3o p\u00fablica, educa\u00e7\u00e3o e sa\u00fade:\u00a0<\/strong>alta de 4% (mais R$ 198)<br>\u2022 \ud83e\uddf0\u00a0<strong>Outros servi\u00e7os:\u00a0<\/strong>alta de 11,4% (mais R$ 320)<br>\u2022 \ud83c\udfe0\u00a0<strong>Servi\u00e7os dom\u00e9sticos:<\/strong>\u00a0alta de 4,9% (mais R$ 66)<br><br><strong>Sinais de acomoda\u00e7\u00e3o no mercado de trabalho<\/strong><br><br>Apesar da alta do desemprego no trimestre, economistas avaliam que alguns indicadores sugerem uma leve perda de f\u00f4lego.<br><br>Para Andr\u00e9 Val\u00e9rio, economista s\u00eanior do Inter, a leitura exige cautela. Ele refor\u00e7a que o resultado reflite a \u201csazonalidade do per\u00edodo\u201d e, ao retirar esses efeitos, ele identifica uma desacelera\u00e7\u00e3o gradual.<br><br>\u201cVemos a continuidade da tend\u00eancia de modera\u00e7\u00e3o do mercado de trabalho, com a taxa alcan\u00e7ando 5,7% em mar\u00e7o, o maior valor desde setembro de 2025 nessa m\u00e9trica\u201d, afirmou.<br><br>Na avalia\u00e7\u00e3o do economista, o cen\u00e1rio segue positivo, mas com sinais mistos: a renda continua em alta, com avan\u00e7o de 1,6% no trimestre e novo recorde, enquanto o n\u00famero de desempregados cresce e a popula\u00e7\u00e3o ocupada recua.<br><br>J\u00e1 Maykon Douglas ressalta que a alta do desemprego no in\u00edcio do ano \u00e9 comum, sobretudo ap\u00f3s o fim de contratos tempor\u00e1rios. Ao mesmo tempo, destaca que a ocupa\u00e7\u00e3o segue em expans\u00e3o e a renda mant\u00e9m ritmo consistente.<br><br>\u201cA massa salarial voltou a se acelerar, com crescimento real pr\u00f3ximo de 6,4% em base anual\u201d, disse.<br><br>Para os pr\u00f3ximos meses, a expectativa \u00e9 de desacelera\u00e7\u00e3o gradual, sem uma revers\u00e3o brusca. Segundo Douglas, mesmo com fatores que podem limitar o crescimento, como o cen\u00e1rio externo e a pol\u00edtica de juros, o mercado de trabalho deve seguir resiliente, ainda que em ritmo mais moderado.<br><br>Fonte: <a href=\"https:\/\/g1.globo.com\/economia\/noticia\/2026\/04\/30\/pnad-desemprego-marco.ghtml\"><strong>G1<\/strong><\/a><\/p><\/div><\/div>\n","protected":false},"excerpt":{"rendered":"<p>A taxa avan\u00e7ou no trimestre, com aumento do n\u00famero de desocupados, mas segue abaixo do n\u00edvel de um ano antes; renda e ocupa\u00e7\u00e3o mostram desempenho positivo na compara\u00e7\u00e3o anual.<\/p>\n","protected":false},"author":1,"featured_media":3642,"comment_status":"closed","ping_status":"open","sticky":false,"template":"","format":"standard","meta":{"footnotes":""},"categories":[14],"tags":[75,65,614],"class_list":["post-3651","post","type-post","status-publish","format-standard","has-post-thumbnail","hentry","category-noticias","tag-g1","tag-noticias-2","tag-taxa-de-desemprego"],"gutentor_comment":0,"_links":{"self":[{"href":"https:\/\/www.benhame.adv.br\/index.php?rest_route=\/wp\/v2\/posts\/3651","targetHints":{"allow":["GET"]}}],"collection":[{"href":"https:\/\/www.benhame.adv.br\/index.php?rest_route=\/wp\/v2\/posts"}],"about":[{"href":"https:\/\/www.benhame.adv.br\/index.php?rest_route=\/wp\/v2\/types\/post"}],"author":[{"embeddable":true,"href":"https:\/\/www.benhame.adv.br\/index.php?rest_route=\/wp\/v2\/users\/1"}],"replies":[{"embeddable":true,"href":"https:\/\/www.benhame.adv.br\/index.php?rest_route=%2Fwp%2Fv2%2Fcomments&post=3651"}],"version-history":[{"count":1,"href":"https:\/\/www.benhame.adv.br\/index.php?rest_route=\/wp\/v2\/posts\/3651\/revisions"}],"predecessor-version":[{"id":3652,"href":"https:\/\/www.benhame.adv.br\/index.php?rest_route=\/wp\/v2\/posts\/3651\/revisions\/3652"}],"wp:featuredmedia":[{"embeddable":true,"href":"https:\/\/www.benhame.adv.br\/index.php?rest_route=\/wp\/v2\/media\/3642"}],"wp:attachment":[{"href":"https:\/\/www.benhame.adv.br\/index.php?rest_route=%2Fwp%2Fv2%2Fmedia&parent=3651"}],"wp:term":[{"taxonomy":"category","embeddable":true,"href":"https:\/\/www.benhame.adv.br\/index.php?rest_route=%2Fwp%2Fv2%2Fcategories&post=3651"},{"taxonomy":"post_tag","embeddable":true,"href":"https:\/\/www.benhame.adv.br\/index.php?rest_route=%2Fwp%2Fv2%2Ftags&post=3651"}],"curies":[{"name":"wp","href":"https:\/\/api.w.org\/{rel}","templated":true}]}}