{"id":3643,"date":"2026-04-30T22:12:03","date_gmt":"2026-05-01T01:12:03","guid":{"rendered":"https:\/\/www.benhame.adv.br\/?p=3643"},"modified":"2026-04-30T22:12:03","modified_gmt":"2026-05-01T01:12:03","slug":"regressiva-da-nr-1-ainda-da-tempo-de-comecar-a-estruturar-do-zero","status":"publish","type":"post","link":"https:\/\/www.benhame.adv.br\/?p=3643","title":{"rendered":"Regressiva da NR-1: ainda d\u00e1 tempo de come\u00e7ar a estruturar do zero?"},"content":{"rendered":"\n<div id=\"section-g-ssi7hsc\" class=\"wp-block-gutentor-e1 section-g-ssi7hsc gutentor-element gutentor-element-advanced-text text-align-left-desktop\"><div class=\"gutentor-text-wrap\"><p class=\"gutentor-text\">N\u00e3o h\u00e1 mais para onde correr. H\u00e1 menos de um m\u00eas para a entrada em vigor do prazo final de adequa\u00e7\u00e3o \u00e0s novas exig\u00eancias da NR-1, \u00e9 momento das empresas agilizarem o seu planejamento. <br><br>Contudo, uma pesquisa recente da Heach revelou que 68% das organiza\u00e7\u00f5es ainda t\u00eam dificuldades para compreender o que est\u00e1 sendo exigido. Fruto de complexidade da norma ou de desinforma\u00e7\u00e3o? <br><br>Para entender melhor as atualiza\u00e7\u00f5es e tamb\u00e9m o que as marcas podem fazer para se adequarem da melhor forma, falamos com a nossa colunista <strong>Maria Lucia Benhame<\/strong>, advogada, consultora e s\u00f3cia do escrit\u00f3rio Benhame Advogados. <br><br>Confira o papo!<\/p><\/div><\/div>\n\n\n\n<figure class=\"wp-block-embed is-type-video is-provider-youtube wp-block-embed-youtube wp-embed-aspect-16-9 wp-has-aspect-ratio\"><div class=\"wp-block-embed__wrapper\">\n<iframe loading=\"lazy\" title=\"#230 - Regressiva da NR-1: ainda d\u00e1 tempo de come\u00e7ar a estruturar do zero?\" width=\"720\" height=\"405\" src=\"https:\/\/www.youtube.com\/embed\/GBJqFeed3aI?feature=oembed\" frameborder=\"0\" allow=\"accelerometer; autoplay; clipboard-write; encrypted-media; gyroscope; picture-in-picture; web-share\" referrerpolicy=\"strict-origin-when-cross-origin\" allowfullscreen><\/iframe>\n<\/div><\/figure>\n","protected":false},"excerpt":{"rendered":"<p>No \u00faltimo dia 27, a Dra. Maria L\u00facia Benhame falou sobre a Regressiva da NR-1 no Rh Pra Voc\u00ea Cast. Confira o v\u00eddeo!<\/p>\n","protected":false},"author":1,"featured_media":3638,"comment_status":"closed","ping_status":"open","sticky":false,"template":"","format":"standard","meta":{"footnotes":""},"categories":[17,14,15],"tags":[129,274,65,908,130,785,267],"class_list":["post-3643","post","type-post","status-publish","format-standard","has-post-thumbnail","hentry","category-entrevistas","category-noticias","category-videos","tag-dra-maria-lucia-benhame","tag-entrevistas","tag-noticias-2","tag-nr-1","tag-rh-pra-voce","tag-rh-pra-voce-cast","tag-videos-2"],"gutentor_comment":0,"_links":{"self":[{"href":"https:\/\/www.benhame.adv.br\/index.php?rest_route=\/wp\/v2\/posts\/3643","targetHints":{"allow":["GET"]}}],"collection":[{"href":"https:\/\/www.benhame.adv.br\/index.php?rest_route=\/wp\/v2\/posts"}],"about":[{"href":"https:\/\/www.benhame.adv.br\/index.php?rest_route=\/wp\/v2\/types\/post"}],"author":[{"embeddable":true,"href":"https:\/\/www.benhame.adv.br\/index.php?rest_route=\/wp\/v2\/users\/1"}],"replies":[{"embeddable":true,"href":"https:\/\/www.benhame.adv.br\/index.php?rest_route=%2Fwp%2Fv2%2Fcomments&post=3643"}],"version-history":[{"count":1,"href":"https:\/\/www.benhame.adv.br\/index.php?rest_route=\/wp\/v2\/posts\/3643\/revisions"}],"predecessor-version":[{"id":3644,"href":"https:\/\/www.benhame.adv.br\/index.php?rest_route=\/wp\/v2\/posts\/3643\/revisions\/3644"}],"wp:featuredmedia":[{"embeddable":true,"href":"https:\/\/www.benhame.adv.br\/index.php?rest_route=\/wp\/v2\/media\/3638"}],"wp:attachment":[{"href":"https:\/\/www.benhame.adv.br\/index.php?rest_route=%2Fwp%2Fv2%2Fmedia&parent=3643"}],"wp:term":[{"taxonomy":"category","embeddable":true,"href":"https:\/\/www.benhame.adv.br\/index.php?rest_route=%2Fwp%2Fv2%2Fcategories&post=3643"},{"taxonomy":"post_tag","embeddable":true,"href":"https:\/\/www.benhame.adv.br\/index.php?rest_route=%2Fwp%2Fv2%2Ftags&post=3643"}],"curies":[{"name":"wp","href":"https:\/\/api.w.org\/{rel}","templated":true}]}}